{"id":4411,"date":"2023-01-16T11:19:36","date_gmt":"2023-01-16T16:19:36","guid":{"rendered":"https:\/\/az-app-prod-webgascaribe.azurewebsites.net\/?p=4411"},"modified":"2024-07-16T08:12:14","modified_gmt":"2024-07-16T13:12:14","slug":"gases-del-caribe-15-anos-apoyando-sabor-barranquilla","status":"publish","type":"post","link":"https:\/\/az-app-prod-webgascaribe.azurewebsites.net\/en\/2023\/01\/16\/gases-del-caribe-15-anos-apoyando-sabor-barranquilla\/","title":{"rendered":"Gases del Caribe, 15 years supporting Sabor Barranquilla"},"content":{"rendered":"\n[et_pb_section fb_built=&#8221;1&#8243; theme_builder_area=&#8221;post_content&#8221; _builder_version=&#8221;4.19.1&#8243; _module_preset=&#8221;default&#8221; custom_padding=&#8221;5px|||||&#8221; da_is_popup=&#8221;off&#8221; da_exit_intent=&#8221;off&#8221; da_has_close=&#8221;on&#8221; da_alt_close=&#8221;off&#8221; da_dark_close=&#8221;off&#8221; da_not_modal=&#8221;on&#8221; da_is_singular=&#8221;off&#8221; da_with_loader=&#8221;off&#8221; da_has_shadow=&#8221;on&#8221; da_disable_devices=&#8221;off|off|off&#8221;][et_pb_row _builder_version=&#8221;4.19.1&#8243; _module_preset=&#8221;default&#8221; theme_builder_area=&#8221;post_content&#8221;][et_pb_column _builder_version=&#8221;4.19.1&#8243; _module_preset=&#8221;default&#8221; type=&#8221;4_4&#8243; theme_builder_area=&#8221;post_content&#8221;][et_pb_text _builder_version=&#8221;4.19.1&#8243; _module_preset=&#8221;default&#8221; theme_builder_area=&#8221;post_content&#8221; text_orientation=&#8221;justified&#8221; text_text_color=&#8221;#1D1E1B&#8221; hover_enabled=&#8221;0&#8243; sticky_enabled=&#8221;0&#8243;]<ul>\n<li><strong><em>La gran fiesta del sabor y la gastronom\u00eda inicia el jueves 25 de agosto en el centro de eventos del caribe, Puerta de Oro.<\/em><\/strong><strong><\/strong><\/li>\n<\/ul>\n<ul>\n<li><strong><em>En escena estar\u00e1 Tulio Zuloaga (Tulio Recomienda), el influenciador gastron\u00f3mico m\u00e1s importante del pa\u00eds.\u00a0<\/em><\/strong><strong>\u00a0<\/strong><\/li>\n<\/ul>\n<ul>\n<li><strong>Zuloaga se presentar\u00e1 en tarima principal con sus clases denominadas<em><span>\u00a0<\/span>f\u00e1cil cocina para los que no cocinan<\/em><span>\u00a0<\/span>el viernes 26 y s\u00e1bado 27 de agosto a las 6:00 p.m.\u00a0<\/strong><\/li>\n<\/ul>\n<ul>\n<li><strong>Las artesanas de Chorrera y los alfareros de Ponedera estar\u00e1n presentes con su vitrina artesanal.<\/strong><\/li>\n<\/ul>\n<ul>\n<li><strong><em>Gases del Caribe reabre la zona infantil con actividades y talleres de cocina para los ni\u00f1os.<\/em><\/strong><\/li>\n<\/ul>[\/et_pb_text][et_pb_text _builder_version=&#8221;4.19.1&#8243; _module_preset=&#8221;default&#8221; theme_builder_area=&#8221;post_content&#8221; text_text_color=&#8221;#1D1E1B&#8221; text_orientation=&#8221;justified&#8221; hover_enabled=&#8221;0&#8243; sticky_enabled=&#8221;0&#8243;]<p>Este a\u00f1o Sabor Barranquilla celebra su aniversario n\u00famero 15 con una fiesta en la cocina, y Gases del Caribe como patrocinador oficial desde su nacimiento, se vincula para recibir a todos los asistentes del encuentro gastron\u00f3mica m\u00e1s importante de la Regi\u00f3n Caribe, con el llamado \u2018Poeta de la gastronom\u00eda\u2019 Tulio Zuloaga, el influenciador gastron\u00f3mico con m\u00e1s seguidores en Colombia.<\/p>\n<p>En esta celebraci\u00f3n, Sabor Barranquilla contin\u00faa exaltando la magia y originalidad de los sabores que representan la cocina del Caribe colombiano, desde sus diferentes escenarios: muestras gastron\u00f3micas, cocinas, tarimas, restaurantes y conversatorios, todo dispuesto con el prop\u00f3sito de envolver a sus visitantes en la frescura de sus ingredientes y el encanto de los olores que entrega el privilegio de tener r\u00edo, mar y una mezcla de culturas de todo el mundo.<\/p>\n<p>\u201cLa cocina es una de las actividades de mayor demanda e inter\u00e9s a nivel mundial, y Gases del Caribe, como promotor de la industria, y de Barranquilla, mantiene su compromiso con esta feria que a\u00f1o tras a\u00f1o atrae a m\u00e1s restaurantes y visitantes locales y for\u00e1neos provenientes de todos los rincones del pa\u00eds a conocer la fiesta gastron\u00f3mica de la regi\u00f3n\u201d, expres\u00f3 Ram\u00f3n Davila Mart\u00ednez, Gerente General de Gases del Caribe.<\/p>\n<p>Por su parte, Zuloaga, invitado especial de la compa\u00f1\u00eda para los 15 a\u00f1os del evento, inici\u00f3 sus estudios de cocina en el SENA y posteriormente en el Instituto Mariano Moreno. A lo largo de su carrera, ha producido y dirigido programas de televisi\u00f3n especializados en vinos y gastronom\u00eda como\u00a0Gastrosophia, Mundo Divino, Ap\u00f3stoles del Sabor y Comando Chef, para los canales City TV, RCN, Teleantioquia y Caracol Internacional.<\/p>\n<p>En 2018, fue<span>\u00a0<\/span><strong>elegido observador internacional del vino para los Argentina Wine Awards, el evento de vinos m\u00e1s importante del Nuevo Mundo, adem\u00e1s, represent\u00f3 a Colombia como delegado internacional para los \u201c50 BEST Restaurants\u201d, celebrados en Ciudad de M\u00e9xico y es el creador del Burger Master, Pizza Master y Sushi Master, \u00a0los eventos gastron\u00f3micos m\u00e1s grandes del mundo con ventas de m\u00e1s de 28 mil millones de pesos por semana.<\/strong><\/p>[\/et_pb_text][et_pb_text _builder_version=&#8221;4.19.1&#8243; _module_preset=&#8221;default&#8221; theme_builder_area=&#8221;post_content&#8221; text_text_color=&#8221;#1D1E1B&#8221; hover_enabled=&#8221;0&#8243; sticky_enabled=&#8221;0&#8243;]<p><span style=\"color: #000080;\"><a role=\"link\" style=\"color: #000080;\">En la zona comercial de la feria, la Fundaci\u00f3n Gases del Caribe tendr\u00e1 vitrinas artesanales con las artesanas de Chorrera y su marca Arte &amp; Tejido, exhibiendo los nuevos dise\u00f1os de mochilas y productos para el hogar, y con los alfareros de Ponedera con su marca Arcillas de Puerto Alegre, que mostrar\u00e1n por primera vez su colecci\u00f3n de vajillas y jarrones. Este proyecto de alfarer\u00eda que beneficia 11 familias de Ponedera reivindica este oficio ancestral, es liderado en alianza con la Fundaci\u00f3n Promigas.<\/a><\/span><\/p>\n<p>Por su parte los \u201cMicroempresarios Estrella\u201d que beneficia emprendedores locales, complacer\u00e1 los paladares de los asistentes con las rosquitas de yuca y queso De Chorrera, postres y dulces t\u00edpicos.<\/p>\n<p>Otras de las novedades importantes de este a\u00f1o es el regreso de la zona infantil, un espacio en el que los m\u00e1s peque\u00f1os de la familia alternar\u00e1n sus actividades entre el show del reconocido Condorito,<span>\u00a0<\/span><span style=\"color: #000080;\"><a role=\"link\" style=\"color: #000080;\">actividades gastron\u00f3micas dirigidas por Jekas\u00b4s recreaci\u00f3n y Cuentos al Parque, el proyecto l\u00fadico educativo de nuestra Fundaci\u00f3n.<\/a><\/span><\/p>[\/et_pb_text][\/et_pb_column][\/et_pb_row][\/et_pb_section]\n","protected":false},"excerpt":{"rendered":"<p>La gran fiesta del sabor y la gastronom\u00eda inicia el jueves 25 de agosto en el centro de eventos del caribe, Puerta de Oro. En escena estar\u00e1 Tulio Zuloaga (Tulio Recomienda), el influenciador gastron\u00f3mico m\u00e1s importante del pa\u00eds.\u00a0\u00a0 Zuloaga se presentar\u00e1 en tarima principal con sus clases denominadas\u00a0f\u00e1cil cocina para los que no cocinan\u00a0el viernes [&hellip;]<\/p>\n","protected":false},"author":1,"featured_media":4418,"comment_status":"closed","ping_status":"closed","sticky":false,"template":"","format":"image","meta":{"_et_pb_use_builder":"on","_et_pb_old_content":"","_et_gb_content_width":"","footnotes":""},"categories":[1],"tags":[40],"ppma_author":[50],"class_list":["post-4411","post","type-post","status-publish","format-image","has-post-thumbnail","hentry","category-noticias","tag-gases-del-caribe","post_format-post-format-image"],"publishpress_future_action":{"enabled":false,"date":"2026-05-07 17:32:47","action":"change-status","newStatus":"draft","terms":[],"taxonomy":"category","extraData":[]},"publishpress_future_workflow_manual_trigger":{"enabledWorkflows":[]},"authors":[{"term_id":50,"user_id":1,"is_guest":0,"slug":"admingascaribe","display_name":"Gases del Caribe","avatar_url":"https:\/\/secure.gravatar.com\/avatar\/8f604f7ea60e283f1e95ccb35f916397af3f5885f8dd4f77f509e5a13d86f08f?s=96&d=blank&r=g","author_category":"","first_name":"Administrador","last_name":"Gases del Caribe","user_url":"https:\/\/az-app-prod-webgascaribe.azurewebsites.net","job_title":"","description":""}],"_links":{"self":[{"href":"https:\/\/az-app-prod-webgascaribe.azurewebsites.net\/en\/wp-json\/wp\/v2\/posts\/4411","targetHints":{"allow":["GET"]}}],"collection":[{"href":"https:\/\/az-app-prod-webgascaribe.azurewebsites.net\/en\/wp-json\/wp\/v2\/posts"}],"about":[{"href":"https:\/\/az-app-prod-webgascaribe.azurewebsites.net\/en\/wp-json\/wp\/v2\/types\/post"}],"author":[{"embeddable":true,"href":"https:\/\/az-app-prod-webgascaribe.azurewebsites.net\/en\/wp-json\/wp\/v2\/users\/1"}],"replies":[{"embeddable":true,"href":"https:\/\/az-app-prod-webgascaribe.azurewebsites.net\/en\/wp-json\/wp\/v2\/comments?post=4411"}],"version-history":[{"count":4,"href":"https:\/\/az-app-prod-webgascaribe.azurewebsites.net\/en\/wp-json\/wp\/v2\/posts\/4411\/revisions"}],"predecessor-version":[{"id":4419,"href":"https:\/\/az-app-prod-webgascaribe.azurewebsites.net\/en\/wp-json\/wp\/v2\/posts\/4411\/revisions\/4419"}],"wp:featuredmedia":[{"embeddable":true,"href":"https:\/\/az-app-prod-webgascaribe.azurewebsites.net\/en\/wp-json\/wp\/v2\/media\/4418"}],"wp:attachment":[{"href":"https:\/\/az-app-prod-webgascaribe.azurewebsites.net\/en\/wp-json\/wp\/v2\/media?parent=4411"}],"wp:term":[{"taxonomy":"category","embeddable":true,"href":"https:\/\/az-app-prod-webgascaribe.azurewebsites.net\/en\/wp-json\/wp\/v2\/categories?post=4411"},{"taxonomy":"post_tag","embeddable":true,"href":"https:\/\/az-app-prod-webgascaribe.azurewebsites.net\/en\/wp-json\/wp\/v2\/tags?post=4411"},{"taxonomy":"author","embeddable":true,"href":"https:\/\/az-app-prod-webgascaribe.azurewebsites.net\/en\/wp-json\/wp\/v2\/ppma_author?post=4411"}],"curies":[{"name":"wp","href":"https:\/\/api.w.org\/{rel}","templated":true}]}}